{"id":453,"date":"2005-12-31T22:11:00","date_gmt":"2005-12-31T21:11:00","guid":{"rendered":"http:\/\/www.daniel-ortiz.es\/coomonte\/2005\/12\/navidades-y-fin-de-ano-en-coomonte\/"},"modified":"2005-12-31T22:11:00","modified_gmt":"2005-12-31T21:11:00","slug":"navidades-y-fin-de-ano-en-coomonte","status":"publish","type":"post","link":"https:\/\/coomonte.net\/index.php\/2005\/12\/31\/navidades-y-fin-de-ano-en-coomonte\/","title":{"rendered":"Navidades y fin de A\u00f1o en Coomonte"},"content":{"rendered":"<p>Se acaba el a\u00f1o. Es navidad, en las calles del pueblo hay instalados alornos luminosos con dibujos navide\u00f1os y letras. En la plaza hay un \u00e1rbol lleno de bombillas, como es tradicional desde hace unos a\u00f1os. En los bares la gente lo pasa bien.<\/p>\n","protected":false},"excerpt":{"rendered":"<p>Se acaba el a\u00f1o. Es navidad, en las calles del pueblo hay instalados alornos luminosos con dibujos navide\u00f1os y letras. En la plaza hay un \u00e1rbol lleno de bombillas, como es tradicional desde hace unos a\u00f1os. En los bares la gente lo pasa bien.<\/p>\n","protected":false},"author":1,"featured_media":34,"comment_status":"closed","ping_status":"open","sticky":false,"template":"","format":"standard","meta":{"ngg_post_thumbnail":0,"_jetpack_newsletter_access":"","_jetpack_dont_email_post_to_subs":false,"_jetpack_newsletter_tier_id":0,"_jetpack_memberships_contains_paywalled_content":false,"_jetpack_feature_clip_id":0,"_jetpack_memberships_contains_paid_content":false,"footnotes":"","jetpack_post_was_ever_published":false},"categories":[10],"tags":[25],"class_list":["post-453","post","type-post","status-publish","format-standard","has-post-thumbnail","hentry","category-noticias","tag-hemeroteca"],"aioseo_notices":[],"aioseo_head":"\n\t\t<!-- All in One SEO 4.9.8 - aioseo.com -->\n\t<meta name=\"description\" content=\"Se acaba el a\u00f1o. Es navidad, en las calles del pueblo hay instalados alornos luminosos con dibujos navide\u00f1os y letras. En la plaza hay un \u00e1rbol lleno de bombillas, como es tradicional desde hace unos a\u00f1os. En los bares la gente lo pasa bien.\" \/>\n\t<meta name=\"robots\" content=\"max-image-preview:large\" \/>\n\t<meta name=\"author\" content=\"coomonte.net\"\/>\n\t<link rel=\"canonical\" href=\"https:\/\/coomonte.net\/index.php\/2005\/12\/31\/navidades-y-fin-de-ano-en-coomonte\/\" \/>\n\t<meta name=\"generator\" content=\"All in One SEO (AIOSEO) 4.9.8\" \/>\n\t\t<meta property=\"og:locale\" content=\"es_ES\" \/>\n\t\t<meta property=\"og:site_name\" content=\"Coomonte.net | - Informaci\u00f3n, cultura e im\u00e1genes sobre el lugar de Coomonte\" \/>\n\t\t<meta property=\"og:type\" content=\"article\" \/>\n\t\t<meta property=\"og:title\" content=\"Navidades y fin de A\u00f1o en Coomonte - Coomonte.net |\" \/>\n\t\t<meta property=\"og:description\" content=\"Se acaba el a\u00f1o. Es navidad, en las calles del pueblo hay instalados alornos luminosos con dibujos navide\u00f1os y letras. En la plaza hay un \u00e1rbol lleno de bombillas, como es tradicional desde hace unos a\u00f1os. En los bares la gente lo pasa bien.\" \/>\n\t\t<meta property=\"og:url\" content=\"https:\/\/coomonte.net\/index.php\/2005\/12\/31\/navidades-y-fin-de-ano-en-coomonte\/\" \/>\n\t\t<meta property=\"og:image\" content=\"https:\/\/coomonte.net\/wp-content\/uploads\/2014\/02\/cabecera15.jpg\" \/>\n\t\t<meta property=\"og:image:secure_url\" content=\"https:\/\/coomonte.net\/wp-content\/uploads\/2014\/02\/cabecera15.jpg\" \/>\n\t\t<meta property=\"og:image:width\" content=\"1020\" \/>\n\t\t<meta property=\"og:image:height\" content=\"200\" \/>\n\t\t<meta property=\"article:published_time\" content=\"2005-12-31T21:11:00+00:00\" \/>\n\t\t<meta property=\"article:modified_time\" content=\"2005-12-31T21:11:00+00:00\" \/>\n\t\t<meta name=\"twitter:card\" content=\"summary_large_image\" \/>\n\t\t<meta name=\"twitter:title\" content=\"Navidades y fin de A\u00f1o en Coomonte - Coomonte.net |\" \/>\n\t\t<meta name=\"twitter:description\" content=\"Se acaba el a\u00f1o. Es navidad, en las calles del pueblo hay instalados alornos luminosos con dibujos navide\u00f1os y letras. En la plaza hay un \u00e1rbol lleno de bombillas, como es tradicional desde hace unos a\u00f1os. En los bares la gente lo pasa bien.\" \/>\n\t\t<meta name=\"twitter:image\" content=\"https:\/\/coomonte.net\/wp-content\/uploads\/2024\/02\/mejorlogo2-4.png\" \/>\n\t\t<script type=\"application\/ld+json\" class=\"aioseo-schema\">\n\t\t\t{\"@context\":\"https:\\\/\\\/schema.org\",\"@graph\":[{\"@type\":\"BlogPosting\",\"@id\":\"https:\\\/\\\/coomonte.net\\\/index.php\\\/2005\\\/12\\\/31\\\/navidades-y-fin-de-ano-en-coomonte\\\/#blogposting\",\"name\":\"Navidades y fin de A\\u00f1o en Coomonte - Coomonte.net |\",\"headline\":\"Navidades y fin de A\\u00f1o en Coomonte\",\"author\":{\"@id\":\"https:\\\/\\\/coomonte.net\\\/index.php\\\/author\\\/coomonte-net\\\/#author\"},\"publisher\":{\"@id\":\"https:\\\/\\\/coomonte.net\\\/#organization\"},\"image\":{\"@type\":\"ImageObject\",\"url\":\"https:\\\/\\\/coomonte.net\\\/wp-content\\\/uploads\\\/2014\\\/02\\\/cabecera15.jpg\",\"width\":1020,\"height\":200},\"datePublished\":\"2005-12-31T22:11:00+01:00\",\"dateModified\":\"2005-12-31T22:11:00+01:00\",\"inLanguage\":\"es-ES\",\"mainEntityOfPage\":{\"@id\":\"https:\\\/\\\/coomonte.net\\\/index.php\\\/2005\\\/12\\\/31\\\/navidades-y-fin-de-ano-en-coomonte\\\/#webpage\"},\"isPartOf\":{\"@id\":\"https:\\\/\\\/coomonte.net\\\/index.php\\\/2005\\\/12\\\/31\\\/navidades-y-fin-de-ano-en-coomonte\\\/#webpage\"},\"articleSection\":\"Noticias, hemeroteca\"},{\"@type\":\"BreadcrumbList\",\"@id\":\"https:\\\/\\\/coomonte.net\\\/index.php\\\/2005\\\/12\\\/31\\\/navidades-y-fin-de-ano-en-coomonte\\\/#breadcrumblist\",\"itemListElement\":[{\"@type\":\"ListItem\",\"@id\":\"https:\\\/\\\/coomonte.net#listItem\",\"position\":1,\"name\":\"Hogar\",\"item\":\"https:\\\/\\\/coomonte.net\",\"nextItem\":{\"@type\":\"ListItem\",\"@id\":\"https:\\\/\\\/coomonte.net\\\/index.php\\\/category\\\/noticias\\\/#listItem\",\"name\":\"Noticias\"}},{\"@type\":\"ListItem\",\"@id\":\"https:\\\/\\\/coomonte.net\\\/index.php\\\/category\\\/noticias\\\/#listItem\",\"position\":2,\"name\":\"Noticias\",\"item\":\"https:\\\/\\\/coomonte.net\\\/index.php\\\/category\\\/noticias\\\/\",\"nextItem\":{\"@type\":\"ListItem\",\"@id\":\"https:\\\/\\\/coomonte.net\\\/index.php\\\/2005\\\/12\\\/31\\\/navidades-y-fin-de-ano-en-coomonte\\\/#listItem\",\"name\":\"Navidades y fin de A\\u00f1o en Coomonte\"},\"previousItem\":{\"@type\":\"ListItem\",\"@id\":\"https:\\\/\\\/coomonte.net#listItem\",\"name\":\"Hogar\"}},{\"@type\":\"ListItem\",\"@id\":\"https:\\\/\\\/coomonte.net\\\/index.php\\\/2005\\\/12\\\/31\\\/navidades-y-fin-de-ano-en-coomonte\\\/#listItem\",\"position\":3,\"name\":\"Navidades y fin de A\\u00f1o en Coomonte\",\"previousItem\":{\"@type\":\"ListItem\",\"@id\":\"https:\\\/\\\/coomonte.net\\\/index.php\\\/category\\\/noticias\\\/#listItem\",\"name\":\"Noticias\"}}]},{\"@type\":\"Organization\",\"@id\":\"https:\\\/\\\/coomonte.net\\\/#organization\",\"name\":\"Coomonte.net |\",\"description\":\"Informaci\\u00f3n, cultura e im\\u00e1genes sobre el lugar de Coomonte\",\"url\":\"https:\\\/\\\/coomonte.net\\\/\",\"logo\":{\"@type\":\"ImageObject\",\"url\":\"https:\\\/\\\/coomonte.net\\\/wp-content\\\/uploads\\\/2024\\\/02\\\/mejorlogo2-4.png\",\"@id\":\"https:\\\/\\\/coomonte.net\\\/index.php\\\/2005\\\/12\\\/31\\\/navidades-y-fin-de-ano-en-coomonte\\\/#organizationLogo\",\"width\":745,\"height\":247},\"image\":{\"@id\":\"https:\\\/\\\/coomonte.net\\\/index.php\\\/2005\\\/12\\\/31\\\/navidades-y-fin-de-ano-en-coomonte\\\/#organizationLogo\"}},{\"@type\":\"Person\",\"@id\":\"https:\\\/\\\/coomonte.net\\\/index.php\\\/author\\\/coomonte-net\\\/#author\",\"url\":\"https:\\\/\\\/coomonte.net\\\/index.php\\\/author\\\/coomonte-net\\\/\",\"name\":\"coomonte.net\",\"image\":{\"@type\":\"ImageObject\",\"@id\":\"https:\\\/\\\/coomonte.net\\\/index.php\\\/2005\\\/12\\\/31\\\/navidades-y-fin-de-ano-en-coomonte\\\/#authorImage\",\"url\":\"https:\\\/\\\/coomonte.net\\\/wp-content\\\/uploads\\\/avatars\\\/1\\\/03fe2f6395b3ba47a774cfa84d07db95-bpfull.jpg\",\"width\":96,\"height\":96,\"caption\":\"coomonte.net\"}},{\"@type\":\"WebPage\",\"@id\":\"https:\\\/\\\/coomonte.net\\\/index.php\\\/2005\\\/12\\\/31\\\/navidades-y-fin-de-ano-en-coomonte\\\/#webpage\",\"url\":\"https:\\\/\\\/coomonte.net\\\/index.php\\\/2005\\\/12\\\/31\\\/navidades-y-fin-de-ano-en-coomonte\\\/\",\"name\":\"Navidades y fin de A\\u00f1o en Coomonte - Coomonte.net |\",\"description\":\"Se acaba el a\\u00f1o. Es navidad, en las calles del pueblo hay instalados alornos luminosos con dibujos navide\\u00f1os y letras. En la plaza hay un \\u00e1rbol lleno de bombillas, como es tradicional desde hace unos a\\u00f1os. En los bares la gente lo pasa bien.\",\"inLanguage\":\"es-ES\",\"isPartOf\":{\"@id\":\"https:\\\/\\\/coomonte.net\\\/#website\"},\"breadcrumb\":{\"@id\":\"https:\\\/\\\/coomonte.net\\\/index.php\\\/2005\\\/12\\\/31\\\/navidades-y-fin-de-ano-en-coomonte\\\/#breadcrumblist\"},\"author\":{\"@id\":\"https:\\\/\\\/coomonte.net\\\/index.php\\\/author\\\/coomonte-net\\\/#author\"},\"creator\":{\"@id\":\"https:\\\/\\\/coomonte.net\\\/index.php\\\/author\\\/coomonte-net\\\/#author\"},\"image\":{\"@type\":\"ImageObject\",\"url\":\"https:\\\/\\\/coomonte.net\\\/wp-content\\\/uploads\\\/2014\\\/02\\\/cabecera15.jpg\",\"@id\":\"https:\\\/\\\/coomonte.net\\\/index.php\\\/2005\\\/12\\\/31\\\/navidades-y-fin-de-ano-en-coomonte\\\/#mainImage\",\"width\":1020,\"height\":200},\"primaryImageOfPage\":{\"@id\":\"https:\\\/\\\/coomonte.net\\\/index.php\\\/2005\\\/12\\\/31\\\/navidades-y-fin-de-ano-en-coomonte\\\/#mainImage\"},\"datePublished\":\"2005-12-31T22:11:00+01:00\",\"dateModified\":\"2005-12-31T22:11:00+01:00\"},{\"@type\":\"WebSite\",\"@id\":\"https:\\\/\\\/coomonte.net\\\/#website\",\"url\":\"https:\\\/\\\/coomonte.net\\\/\",\"name\":\"Coomonte.net |\",\"description\":\"Informaci\\u00f3n, cultura e im\\u00e1genes sobre el lugar de Coomonte\",\"inLanguage\":\"es-ES\",\"publisher\":{\"@id\":\"https:\\\/\\\/coomonte.net\\\/#organization\"}}]}\n\t\t<\/script>\n\t\t<!-- All in One SEO -->\n\n","aioseo_head_json":{"title":"Navidades y fin de A\u00f1o en Coomonte - Coomonte.net |","description":"Se acaba el a\u00f1o. Es navidad, en las calles del pueblo hay instalados alornos luminosos con dibujos navide\u00f1os y letras. En la plaza hay un \u00e1rbol lleno de bombillas, como es tradicional desde hace unos a\u00f1os. En los bares la gente lo pasa bien.","canonical_url":"https:\/\/coomonte.net\/index.php\/2005\/12\/31\/navidades-y-fin-de-ano-en-coomonte\/","robots":"max-image-preview:large","keywords":"","webmasterTools":{"miscellaneous":""},"schema":{"@context":"https:\/\/schema.org","@graph":[{"@type":"BlogPosting","@id":"https:\/\/coomonte.net\/index.php\/2005\/12\/31\/navidades-y-fin-de-ano-en-coomonte\/#blogposting","name":"Navidades y fin de A\u00f1o en Coomonte - Coomonte.net |","headline":"Navidades y fin de A\u00f1o en Coomonte","author":{"@id":"https:\/\/coomonte.net\/index.php\/author\/coomonte-net\/#author"},"publisher":{"@id":"https:\/\/coomonte.net\/#organization"},"image":{"@type":"ImageObject","url":"https:\/\/coomonte.net\/wp-content\/uploads\/2014\/02\/cabecera15.jpg","width":1020,"height":200},"datePublished":"2005-12-31T22:11:00+01:00","dateModified":"2005-12-31T22:11:00+01:00","inLanguage":"es-ES","mainEntityOfPage":{"@id":"https:\/\/coomonte.net\/index.php\/2005\/12\/31\/navidades-y-fin-de-ano-en-coomonte\/#webpage"},"isPartOf":{"@id":"https:\/\/coomonte.net\/index.php\/2005\/12\/31\/navidades-y-fin-de-ano-en-coomonte\/#webpage"},"articleSection":"Noticias, hemeroteca"},{"@type":"BreadcrumbList","@id":"https:\/\/coomonte.net\/index.php\/2005\/12\/31\/navidades-y-fin-de-ano-en-coomonte\/#breadcrumblist","itemListElement":[{"@type":"ListItem","@id":"https:\/\/coomonte.net#listItem","position":1,"name":"Hogar","item":"https:\/\/coomonte.net","nextItem":{"@type":"ListItem","@id":"https:\/\/coomonte.net\/index.php\/category\/noticias\/#listItem","name":"Noticias"}},{"@type":"ListItem","@id":"https:\/\/coomonte.net\/index.php\/category\/noticias\/#listItem","position":2,"name":"Noticias","item":"https:\/\/coomonte.net\/index.php\/category\/noticias\/","nextItem":{"@type":"ListItem","@id":"https:\/\/coomonte.net\/index.php\/2005\/12\/31\/navidades-y-fin-de-ano-en-coomonte\/#listItem","name":"Navidades y fin de A\u00f1o en Coomonte"},"previousItem":{"@type":"ListItem","@id":"https:\/\/coomonte.net#listItem","name":"Hogar"}},{"@type":"ListItem","@id":"https:\/\/coomonte.net\/index.php\/2005\/12\/31\/navidades-y-fin-de-ano-en-coomonte\/#listItem","position":3,"name":"Navidades y fin de A\u00f1o en Coomonte","previousItem":{"@type":"ListItem","@id":"https:\/\/coomonte.net\/index.php\/category\/noticias\/#listItem","name":"Noticias"}}]},{"@type":"Organization","@id":"https:\/\/coomonte.net\/#organization","name":"Coomonte.net |","description":"Informaci\u00f3n, cultura e im\u00e1genes sobre el lugar de Coomonte","url":"https:\/\/coomonte.net\/","logo":{"@type":"ImageObject","url":"https:\/\/coomonte.net\/wp-content\/uploads\/2024\/02\/mejorlogo2-4.png","@id":"https:\/\/coomonte.net\/index.php\/2005\/12\/31\/navidades-y-fin-de-ano-en-coomonte\/#organizationLogo","width":745,"height":247},"image":{"@id":"https:\/\/coomonte.net\/index.php\/2005\/12\/31\/navidades-y-fin-de-ano-en-coomonte\/#organizationLogo"}},{"@type":"Person","@id":"https:\/\/coomonte.net\/index.php\/author\/coomonte-net\/#author","url":"https:\/\/coomonte.net\/index.php\/author\/coomonte-net\/","name":"coomonte.net","image":{"@type":"ImageObject","@id":"https:\/\/coomonte.net\/index.php\/2005\/12\/31\/navidades-y-fin-de-ano-en-coomonte\/#authorImage","url":"https:\/\/coomonte.net\/wp-content\/uploads\/avatars\/1\/03fe2f6395b3ba47a774cfa84d07db95-bpfull.jpg","width":96,"height":96,"caption":"coomonte.net"}},{"@type":"WebPage","@id":"https:\/\/coomonte.net\/index.php\/2005\/12\/31\/navidades-y-fin-de-ano-en-coomonte\/#webpage","url":"https:\/\/coomonte.net\/index.php\/2005\/12\/31\/navidades-y-fin-de-ano-en-coomonte\/","name":"Navidades y fin de A\u00f1o en Coomonte - Coomonte.net |","description":"Se acaba el a\u00f1o. Es navidad, en las calles del pueblo hay instalados alornos luminosos con dibujos navide\u00f1os y letras. En la plaza hay un \u00e1rbol lleno de bombillas, como es tradicional desde hace unos a\u00f1os. En los bares la gente lo pasa bien.","inLanguage":"es-ES","isPartOf":{"@id":"https:\/\/coomonte.net\/#website"},"breadcrumb":{"@id":"https:\/\/coomonte.net\/index.php\/2005\/12\/31\/navidades-y-fin-de-ano-en-coomonte\/#breadcrumblist"},"author":{"@id":"https:\/\/coomonte.net\/index.php\/author\/coomonte-net\/#author"},"creator":{"@id":"https:\/\/coomonte.net\/index.php\/author\/coomonte-net\/#author"},"image":{"@type":"ImageObject","url":"https:\/\/coomonte.net\/wp-content\/uploads\/2014\/02\/cabecera15.jpg","@id":"https:\/\/coomonte.net\/index.php\/2005\/12\/31\/navidades-y-fin-de-ano-en-coomonte\/#mainImage","width":1020,"height":200},"primaryImageOfPage":{"@id":"https:\/\/coomonte.net\/index.php\/2005\/12\/31\/navidades-y-fin-de-ano-en-coomonte\/#mainImage"},"datePublished":"2005-12-31T22:11:00+01:00","dateModified":"2005-12-31T22:11:00+01:00"},{"@type":"WebSite","@id":"https:\/\/coomonte.net\/#website","url":"https:\/\/coomonte.net\/","name":"Coomonte.net |","description":"Informaci\u00f3n, cultura e im\u00e1genes sobre el lugar de Coomonte","inLanguage":"es-ES","publisher":{"@id":"https:\/\/coomonte.net\/#organization"}}]},"og:locale":"es_ES","og:site_name":"Coomonte.net | - Informaci\u00f3n, cultura e im\u00e1genes sobre el lugar de Coomonte","og:type":"article","og:title":"Navidades y fin de A\u00f1o en Coomonte - Coomonte.net |","og:description":"Se acaba el a\u00f1o. Es navidad, en las calles del pueblo hay instalados alornos luminosos con dibujos navide\u00f1os y letras. En la plaza hay un \u00e1rbol lleno de bombillas, como es tradicional desde hace unos a\u00f1os. En los bares la gente lo pasa bien.","og:url":"https:\/\/coomonte.net\/index.php\/2005\/12\/31\/navidades-y-fin-de-ano-en-coomonte\/","og:image":"https:\/\/coomonte.net\/wp-content\/uploads\/2014\/02\/cabecera15.jpg","og:image:secure_url":"https:\/\/coomonte.net\/wp-content\/uploads\/2014\/02\/cabecera15.jpg","og:image:width":1020,"og:image:height":200,"article:published_time":"2005-12-31T21:11:00+00:00","article:modified_time":"2005-12-31T21:11:00+00:00","twitter:card":"summary_large_image","twitter:title":"Navidades y fin de A\u00f1o en Coomonte - Coomonte.net |","twitter:description":"Se acaba el a\u00f1o. Es navidad, en las calles del pueblo hay instalados alornos luminosos con dibujos navide\u00f1os y letras. En la plaza hay un \u00e1rbol lleno de bombillas, como es tradicional desde hace unos a\u00f1os. En los bares la gente lo pasa bien.","twitter:image":"https:\/\/coomonte.net\/wp-content\/uploads\/2024\/02\/mejorlogo2-4.png"},"aioseo_meta_data":{"post_id":"453","title":null,"description":null,"keywords":null,"keyphrases":null,"primary_term":null,"canonical_url":null,"og_title":null,"og_description":null,"og_object_type":"default","og_image_type":"default","og_image_url":null,"og_image_width":null,"og_image_height":null,"og_image_custom_url":null,"og_image_custom_fields":null,"og_video":null,"og_custom_url":null,"og_article_section":null,"og_article_tags":null,"twitter_use_og":false,"twitter_card":"default","twitter_image_type":"default","twitter_image_url":null,"twitter_image_custom_url":null,"twitter_image_custom_fields":null,"twitter_title":null,"twitter_description":null,"schema":{"blockGraphs":[],"customGraphs":[],"default":{"data":{"Article":[],"Course":[],"Dataset":[],"FAQPage":[],"Movie":[],"Person":[],"Product":[],"ProductReview":[],"Car":[],"Recipe":[],"Service":[],"SoftwareApplication":[],"WebPage":[]},"graphName":"","isEnabled":true},"graphs":[]},"schema_type":"default","schema_type_options":null,"pillar_content":false,"robots_default":true,"robots_noindex":false,"robots_noarchive":false,"robots_nosnippet":false,"robots_nofollow":false,"robots_noimageindex":false,"robots_noodp":false,"robots_notranslate":false,"robots_max_snippet":null,"robots_max_videopreview":null,"robots_max_imagepreview":"large","priority":null,"frequency":null,"local_seo":null,"limit_modified_date":false,"created":"2024-11-25 01:23:19","updated":"2026-06-16 20:53:40","ai":null,"breadcrumb_settings":null,"seo_analyzer_scan_date":null},"aioseo_breadcrumb":"<div class=\"aioseo-breadcrumbs\"><span class=\"aioseo-breadcrumb\">\n\t\t\t<a href=\"https:\/\/coomonte.net\" title=\"Hogar\">Hogar<\/a>\n\t\t<\/span><span class=\"aioseo-breadcrumb-separator\">&raquo;<\/span><span class=\"aioseo-breadcrumb\">\n\t\t\t<a href=\"https:\/\/coomonte.net\/index.php\/category\/noticias\/\" title=\"Noticias\">Noticias<\/a>\n\t\t<\/span><span class=\"aioseo-breadcrumb-separator\">&raquo;<\/span><span class=\"aioseo-breadcrumb\">\n\t\t\tNavidades y fin de A\u00f1o en Coomonte\n\t\t<\/span><\/div>","aioseo_breadcrumb_json":[{"label":"Hogar","link":"https:\/\/coomonte.net"},{"label":"Noticias","link":"https:\/\/coomonte.net\/index.php\/category\/noticias\/"},{"label":"Navidades y fin de A\u00f1o en Coomonte","link":"https:\/\/coomonte.net\/index.php\/2005\/12\/31\/navidades-y-fin-de-ano-en-coomonte\/"}],"jetpack_featured_media_url":"https:\/\/coomonte.net\/wp-content\/uploads\/2014\/02\/cabecera15.jpg","jetpack-related-posts":[{"id":3996,"url":"https:\/\/coomonte.net\/index.php\/2024\/01\/01\/video-resumen-ano-2023-en-coomonte\/","url_meta":{"origin":453,"position":0},"title":"V\u00eddeo resumen a\u00f1o 2023 en Coomonte","author":"coomonte.net","date":"1 de enero de 2024","format":false,"excerpt":"Adjuntamos un v\u00eddeo difundido en las redes sociales el 31 de diciembre de 2023 con los momentos m\u00e1s destacados del a\u00f1o en nuestro pueblo. https:\/\/www.youtube.com\/watch?v=i19Kq0BS3r8","rel":"","context":"En \u00abV\u00eddeos\u00bb","block_context":{"text":"V\u00eddeos","link":"https:\/\/coomonte.net\/index.php\/category\/videos\/"},"img":{"alt_text":"","src":"https:\/\/i0.wp.com\/coomonte.net\/wp-content\/uploads\/2024\/01\/IMG-20240101-WA0009-1-e1704144530668.jpg?resize=350%2C200&ssl=1","width":350,"height":200,"srcset":"https:\/\/i0.wp.com\/coomonte.net\/wp-content\/uploads\/2024\/01\/IMG-20240101-WA0009-1-e1704144530668.jpg?resize=350%2C200&ssl=1 1x, https:\/\/i0.wp.com\/coomonte.net\/wp-content\/uploads\/2024\/01\/IMG-20240101-WA0009-1-e1704144530668.jpg?resize=525%2C300&ssl=1 1.5x, https:\/\/i0.wp.com\/coomonte.net\/wp-content\/uploads\/2024\/01\/IMG-20240101-WA0009-1-e1704144530668.jpg?resize=700%2C400&ssl=1 2x, https:\/\/i0.wp.com\/coomonte.net\/wp-content\/uploads\/2024\/01\/IMG-20240101-WA0009-1-e1704144530668.jpg?resize=1050%2C600&ssl=1 3x"},"classes":[]},{"id":3993,"url":"https:\/\/coomonte.net\/index.php\/2023\/12\/28\/video-de-las-luces-de-navidad-en-coomonte\/","url_meta":{"origin":453,"position":1},"title":"V\u00eddeo de las luces de navidad en Coomonte","author":"coomonte.net","date":"28 de diciembre de 2023","format":false,"excerpt":"Adjuntamos un v\u00eddeo-resumen con las luces de navidad que se han visto este a\u00f1o en Coomonte. No est\u00e1n todas las que son, pero las que est\u00e1n, son. https:\/\/www.youtube.com\/watch?v=QNRqCAfsBmQ","rel":"","context":"En \u00abBlog\u00bb","block_context":{"text":"Blog","link":"https:\/\/coomonte.net\/index.php\/category\/blog\/"},"img":{"alt_text":"","src":"https:\/\/i0.wp.com\/coomonte.net\/wp-content\/uploads\/2023\/12\/IMG_3475-e1703766183671.jpg?resize=350%2C200&ssl=1","width":350,"height":200,"srcset":"https:\/\/i0.wp.com\/coomonte.net\/wp-content\/uploads\/2023\/12\/IMG_3475-e1703766183671.jpg?resize=350%2C200&ssl=1 1x, https:\/\/i0.wp.com\/coomonte.net\/wp-content\/uploads\/2023\/12\/IMG_3475-e1703766183671.jpg?resize=525%2C300&ssl=1 1.5x, https:\/\/i0.wp.com\/coomonte.net\/wp-content\/uploads\/2023\/12\/IMG_3475-e1703766183671.jpg?resize=700%2C400&ssl=1 2x"},"classes":[]},{"id":2254,"url":"https:\/\/coomonte.net\/index.php\/2016\/04\/20\/programa-de-las-fiestas-de-san-marcos-16\/","url_meta":{"origin":453,"position":2},"title":"Programa de las fiestas de San Marcos &#8217;16","author":"coomonte.net","date":"20 de abril de 2016","format":false,"excerpt":"Adjuntamos el programa que nos ha llegado sobre las fiestas de San Marcos 2016 en Coomonte. Se celebrar\u00e1n el fin de semana entre el d\u00eda 22 y el 24 de abril. Deseamos que el santo de una tregua este a\u00f1o y no sea el \"rey de los charcos\" hasta el\u2026","rel":"","context":"En \u00abNoticias\u00bb","block_context":{"text":"Noticias","link":"https:\/\/coomonte.net\/index.php\/category\/noticias\/"},"img":{"alt_text":"","src":"https:\/\/i0.wp.com\/coomonte.net\/wp-content\/uploads\/2016\/04\/22470032-e1707048066147.jpg?resize=350%2C200&ssl=1","width":350,"height":200,"srcset":"https:\/\/i0.wp.com\/coomonte.net\/wp-content\/uploads\/2016\/04\/22470032-e1707048066147.jpg?resize=350%2C200&ssl=1 1x, https:\/\/i0.wp.com\/coomonte.net\/wp-content\/uploads\/2016\/04\/22470032-e1707048066147.jpg?resize=525%2C300&ssl=1 1.5x, https:\/\/i0.wp.com\/coomonte.net\/wp-content\/uploads\/2016\/04\/22470032-e1707048066147.jpg?resize=700%2C400&ssl=1 2x"},"classes":[]},{"id":2407,"url":"https:\/\/coomonte.net\/index.php\/2016\/06\/25\/fiestas-de-san-juan-en-coomonte-dias-1-2-y-3-de-julio\/","url_meta":{"origin":453,"position":3},"title":"Fiestas de San Juan en Coomonte: d\u00edas 1, 2 y 3 de julio","author":"coomonte.net","date":"25 de junio de 2016","format":false,"excerpt":"Las fiestas de este a\u00f1o, que ser\u00e1n el primer fin de semana de julio vienen con el siguiente programa: \u00a0 Adem\u00e1s, la tradicional quedada en Bici de Monta\u00f1a que, esta vez, se celebra el s\u00e1bado por la tarde.","rel":"","context":"En \u00abNoticias\u00bb","block_context":{"text":"Noticias","link":"https:\/\/coomonte.net\/index.php\/category\/noticias\/"},"img":{"alt_text":"","src":"https:\/\/i0.wp.com\/coomonte.net\/wp-content\/uploads\/2016\/06\/13335710_1125390367502302_6133314873094680227_n-2-e1707141343564.jpg?resize=350%2C200&ssl=1","width":350,"height":200,"srcset":"https:\/\/i0.wp.com\/coomonte.net\/wp-content\/uploads\/2016\/06\/13335710_1125390367502302_6133314873094680227_n-2-e1707141343564.jpg?resize=350%2C200&ssl=1 1x, https:\/\/i0.wp.com\/coomonte.net\/wp-content\/uploads\/2016\/06\/13335710_1125390367502302_6133314873094680227_n-2-e1707141343564.jpg?resize=525%2C300&ssl=1 1.5x"},"classes":[]},{"id":1198,"url":"https:\/\/coomonte.net\/index.php\/2014\/05\/13\/poema-la-cuesta-de-coomonte\/","url_meta":{"origin":453,"position":4},"title":"Poema: La Cuesta de Coomonte","author":"coomonte.net","date":"13 de mayo de 2014","format":false,"excerpt":"Verdes paisajes veo desde esta altura rocosa; verdes y altos nogales en esas huertas hermosas. Verde es la yerba, que en los caminos resalta el barro de las roderas. Verde es la cuesta de Coomonte, en la que los muertos descansan. Verde oscuro son las encinas de esta cuesta sin\u2026","rel":"","context":"En \u00abArt\u00edculos\u00bb","block_context":{"text":"Art\u00edculos","link":"https:\/\/coomonte.net\/index.php\/category\/articulos\/"},"img":{"alt_text":"","src":"https:\/\/i0.wp.com\/coomonte.net\/wp-content\/uploads\/2014\/02\/cabecera19.jpg?resize=350%2C200&ssl=1","width":350,"height":200,"srcset":"https:\/\/i0.wp.com\/coomonte.net\/wp-content\/uploads\/2014\/02\/cabecera19.jpg?resize=350%2C200&ssl=1 1x, https:\/\/i0.wp.com\/coomonte.net\/wp-content\/uploads\/2014\/02\/cabecera19.jpg?resize=525%2C300&ssl=1 1.5x, https:\/\/i0.wp.com\/coomonte.net\/wp-content\/uploads\/2014\/02\/cabecera19.jpg?resize=700%2C400&ssl=1 2x"},"classes":[]},{"id":4440,"url":"https:\/\/coomonte.net\/index.php\/2024\/07\/03\/programa-de-las-fiestas-de-san-juan-24\/","url_meta":{"origin":453,"position":5},"title":"Programa de las fiestas de San Juan &#8217;24","author":"coomonte.net","date":"3 de julio de 2024","format":false,"excerpt":"Abajo adjuntamos imagen del cartel donde junto a los patrocinadores, viene la descripci\u00f3n del programa de fiestas de San Juan Bautista en Coomonte para el a\u00f1o 2024, que se celebran los d\u00edas 4, 5, 6 y 7 de julio. Los eventos m\u00e1s destacables, aparte los tradicionales con las fiestas grandes\u2026","rel":"","context":"En \u00abBlog\u00bb","block_context":{"text":"Blog","link":"https:\/\/coomonte.net\/index.php\/category\/blog\/"},"img":{"alt_text":"","src":"https:\/\/i0.wp.com\/coomonte.net\/wp-content\/uploads\/2024\/07\/cartel24-1-e1720007944901.jpeg?resize=350%2C200&ssl=1","width":350,"height":200,"srcset":"https:\/\/i0.wp.com\/coomonte.net\/wp-content\/uploads\/2024\/07\/cartel24-1-e1720007944901.jpeg?resize=350%2C200&ssl=1 1x, https:\/\/i0.wp.com\/coomonte.net\/wp-content\/uploads\/2024\/07\/cartel24-1-e1720007944901.jpeg?resize=525%2C300&ssl=1 1.5x, https:\/\/i0.wp.com\/coomonte.net\/wp-content\/uploads\/2024\/07\/cartel24-1-e1720007944901.jpeg?resize=700%2C400&ssl=1 2x, https:\/\/i0.wp.com\/coomonte.net\/wp-content\/uploads\/2024\/07\/cartel24-1-e1720007944901.jpeg?resize=1050%2C600&ssl=1 3x"},"classes":[]}],"jetpack_sharing_enabled":true,"_links":{"self":[{"href":"https:\/\/coomonte.net\/index.php\/wp-json\/wp\/v2\/posts\/453","targetHints":{"allow":["GET"]}}],"collection":[{"href":"https:\/\/coomonte.net\/index.php\/wp-json\/wp\/v2\/posts"}],"about":[{"href":"https:\/\/coomonte.net\/index.php\/wp-json\/wp\/v2\/types\/post"}],"author":[{"embeddable":true,"href":"https:\/\/coomonte.net\/index.php\/wp-json\/wp\/v2\/users\/1"}],"replies":[{"embeddable":true,"href":"https:\/\/coomonte.net\/index.php\/wp-json\/wp\/v2\/comments?post=453"}],"version-history":[{"count":0,"href":"https:\/\/coomonte.net\/index.php\/wp-json\/wp\/v2\/posts\/453\/revisions"}],"wp:featuredmedia":[{"embeddable":true,"href":"https:\/\/coomonte.net\/index.php\/wp-json\/wp\/v2\/media\/34"}],"wp:attachment":[{"href":"https:\/\/coomonte.net\/index.php\/wp-json\/wp\/v2\/media?parent=453"}],"wp:term":[{"taxonomy":"category","embeddable":true,"href":"https:\/\/coomonte.net\/index.php\/wp-json\/wp\/v2\/categories?post=453"},{"taxonomy":"post_tag","embeddable":true,"href":"https:\/\/coomonte.net\/index.php\/wp-json\/wp\/v2\/tags?post=453"}],"curies":[{"name":"wp","href":"https:\/\/api.w.org\/{rel}","templated":true}]}}