{"id":1757,"date":"2014-10-21T12:48:58","date_gmt":"2014-10-21T11:48:58","guid":{"rendered":"http:\/\/www.daniel-ortiz.es\/coomonte\/?p=1757"},"modified":"2024-02-05T00:08:57","modified_gmt":"2024-02-04T23:08:57","slug":"fotos-antiguas-de-coomonte","status":"publish","type":"post","link":"https:\/\/coomonte.net\/index.php\/2014\/10\/21\/fotos-antiguas-de-coomonte\/","title":{"rendered":"Fotos antiguas de Coomonte"},"content":{"rendered":"<p>Buscamos hacer una galer\u00eda con fotos realizadas en Coomonte en d\u00e9cadas pasadas. Con gente o sin gente. Queremos ver como era el pueblo en los a\u00f1os 20, los a\u00f1os 30, los a\u00f1os 40, los 50, los 60, los 70 y los 80. Y c\u00f3mo era la gente.<\/p>\n<p>Pod\u00e9is enviar las fotos al correo electr\u00f3nico siguiente:<\/p>\n<p style=\"padding-left: 30px;\">danielortizguerrero@gmail.com<\/p>\n<p>Indicar, si lo conoc\u00e9is el autor de la foto y qui\u00e9n la env\u00eda. As\u00ed como la \u00e9poca y un comentario sobre la misma. Gracias por colaborar.<\/p>\n","protected":false},"excerpt":{"rendered":"<p>Buscamos hacer una galer\u00eda con fotos realizadas en Coomonte en d\u00e9cadas pasadas. Con gente o sin gente. Queremos ver como era el pueblo en los a\u00f1os 20, los a\u00f1os 30, los a\u00f1os 40, los 50, los 60, los 70 y los 80. Y c\u00f3mo era la gente. Pod\u00e9is enviar las fotos al correo electr\u00f3nico siguiente:&#8230;<\/p>\n","protected":false},"author":1,"featured_media":4240,"comment_status":"closed","ping_status":"closed","sticky":false,"template":"","format":"standard","meta":{"ngg_post_thumbnail":0,"_jetpack_newsletter_access":"","_jetpack_dont_email_post_to_subs":false,"_jetpack_newsletter_tier_id":0,"_jetpack_memberships_contains_paywalled_content":false,"_jetpack_feature_clip_id":0,"_jetpack_memberships_contains_paid_content":false,"footnotes":"","jetpack_post_was_ever_published":false},"categories":[3],"tags":[],"class_list":["post-1757","post","type-post","status-publish","format-standard","has-post-thumbnail","hentry","category-articulos"],"aioseo_notices":[],"aioseo_head":"\n\t\t<!-- All in One SEO 4.9.8 - aioseo.com -->\n\t<meta name=\"description\" content=\"Buscamos hacer una galer\u00eda con fotos realizadas en Coomonte en d\u00e9cadas pasadas. Con gente o sin gente. Queremos ver como era el pueblo en los a\u00f1os 20, los a\u00f1os 30, los a\u00f1os 40, los 50, los 60, los 70 y los 80. Y c\u00f3mo era la gente. Pod\u00e9is enviar las fotos al correo electr\u00f3nico siguiente:\" \/>\n\t<meta name=\"robots\" content=\"max-image-preview:large\" \/>\n\t<meta name=\"author\" content=\"coomonte.net\"\/>\n\t<link rel=\"canonical\" href=\"https:\/\/coomonte.net\/index.php\/2014\/10\/21\/fotos-antiguas-de-coomonte\/\" \/>\n\t<meta name=\"generator\" content=\"All in One SEO (AIOSEO) 4.9.8\" \/>\n\t\t<meta property=\"og:locale\" content=\"es_ES\" \/>\n\t\t<meta property=\"og:site_name\" content=\"Coomonte.net | - Informaci\u00f3n, cultura e im\u00e1genes sobre el lugar de Coomonte\" \/>\n\t\t<meta property=\"og:type\" content=\"article\" \/>\n\t\t<meta property=\"og:title\" content=\"Fotos antiguas de Coomonte - Coomonte.net |\" \/>\n\t\t<meta property=\"og:description\" content=\"Buscamos hacer una galer\u00eda con fotos realizadas en Coomonte en d\u00e9cadas pasadas. Con gente o sin gente. Queremos ver como era el pueblo en los a\u00f1os 20, los a\u00f1os 30, los a\u00f1os 40, los 50, los 60, los 70 y los 80. Y c\u00f3mo era la gente. Pod\u00e9is enviar las fotos al correo electr\u00f3nico siguiente:\" \/>\n\t\t<meta property=\"og:url\" content=\"https:\/\/coomonte.net\/index.php\/2014\/10\/21\/fotos-antiguas-de-coomonte\/\" \/>\n\t\t<meta property=\"og:image\" content=\"https:\/\/coomonte.net\/wp-content\/uploads\/2024\/02\/cropped-cbzr2.jpeg\" \/>\n\t\t<meta property=\"og:image:secure_url\" content=\"https:\/\/coomonte.net\/wp-content\/uploads\/2024\/02\/cropped-cbzr2.jpeg\" \/>\n\t\t<meta property=\"og:image:width\" content=\"1000\" \/>\n\t\t<meta property=\"og:image:height\" content=\"250\" \/>\n\t\t<meta property=\"article:published_time\" content=\"2014-10-21T11:48:58+00:00\" \/>\n\t\t<meta property=\"article:modified_time\" content=\"2024-02-04T23:08:57+00:00\" \/>\n\t\t<meta name=\"twitter:card\" content=\"summary_large_image\" \/>\n\t\t<meta name=\"twitter:title\" content=\"Fotos antiguas de Coomonte - Coomonte.net |\" \/>\n\t\t<meta name=\"twitter:description\" content=\"Buscamos hacer una galer\u00eda con fotos realizadas en Coomonte en d\u00e9cadas pasadas. Con gente o sin gente. Queremos ver como era el pueblo en los a\u00f1os 20, los a\u00f1os 30, los a\u00f1os 40, los 50, los 60, los 70 y los 80. Y c\u00f3mo era la gente. Pod\u00e9is enviar las fotos al correo electr\u00f3nico siguiente:\" \/>\n\t\t<meta name=\"twitter:image\" content=\"https:\/\/coomonte.net\/wp-content\/uploads\/2024\/02\/mejorlogo2-4.png\" \/>\n\t\t<script type=\"application\/ld+json\" class=\"aioseo-schema\">\n\t\t\t{\"@context\":\"https:\\\/\\\/schema.org\",\"@graph\":[{\"@type\":\"BlogPosting\",\"@id\":\"https:\\\/\\\/coomonte.net\\\/index.php\\\/2014\\\/10\\\/21\\\/fotos-antiguas-de-coomonte\\\/#blogposting\",\"name\":\"Fotos antiguas de Coomonte - Coomonte.net |\",\"headline\":\"Fotos antiguas de Coomonte\",\"author\":{\"@id\":\"https:\\\/\\\/coomonte.net\\\/index.php\\\/author\\\/coomonte-net\\\/#author\"},\"publisher\":{\"@id\":\"https:\\\/\\\/coomonte.net\\\/#organization\"},\"image\":{\"@type\":\"ImageObject\",\"url\":\"https:\\\/\\\/coomonte.net\\\/wp-content\\\/uploads\\\/2024\\\/02\\\/cropped-cbzr2.jpeg\",\"width\":1000,\"height\":250},\"datePublished\":\"2014-10-21T12:48:58+02:00\",\"dateModified\":\"2024-02-05T00:08:57+01:00\",\"inLanguage\":\"es-ES\",\"mainEntityOfPage\":{\"@id\":\"https:\\\/\\\/coomonte.net\\\/index.php\\\/2014\\\/10\\\/21\\\/fotos-antiguas-de-coomonte\\\/#webpage\"},\"isPartOf\":{\"@id\":\"https:\\\/\\\/coomonte.net\\\/index.php\\\/2014\\\/10\\\/21\\\/fotos-antiguas-de-coomonte\\\/#webpage\"},\"articleSection\":\"Art\\u00edculos\"},{\"@type\":\"BreadcrumbList\",\"@id\":\"https:\\\/\\\/coomonte.net\\\/index.php\\\/2014\\\/10\\\/21\\\/fotos-antiguas-de-coomonte\\\/#breadcrumblist\",\"itemListElement\":[{\"@type\":\"ListItem\",\"@id\":\"https:\\\/\\\/coomonte.net#listItem\",\"position\":1,\"name\":\"Hogar\",\"item\":\"https:\\\/\\\/coomonte.net\",\"nextItem\":{\"@type\":\"ListItem\",\"@id\":\"https:\\\/\\\/coomonte.net\\\/index.php\\\/category\\\/articulos\\\/#listItem\",\"name\":\"Art\\u00edculos\"}},{\"@type\":\"ListItem\",\"@id\":\"https:\\\/\\\/coomonte.net\\\/index.php\\\/category\\\/articulos\\\/#listItem\",\"position\":2,\"name\":\"Art\\u00edculos\",\"item\":\"https:\\\/\\\/coomonte.net\\\/index.php\\\/category\\\/articulos\\\/\",\"nextItem\":{\"@type\":\"ListItem\",\"@id\":\"https:\\\/\\\/coomonte.net\\\/index.php\\\/2014\\\/10\\\/21\\\/fotos-antiguas-de-coomonte\\\/#listItem\",\"name\":\"Fotos antiguas de Coomonte\"},\"previousItem\":{\"@type\":\"ListItem\",\"@id\":\"https:\\\/\\\/coomonte.net#listItem\",\"name\":\"Hogar\"}},{\"@type\":\"ListItem\",\"@id\":\"https:\\\/\\\/coomonte.net\\\/index.php\\\/2014\\\/10\\\/21\\\/fotos-antiguas-de-coomonte\\\/#listItem\",\"position\":3,\"name\":\"Fotos antiguas de Coomonte\",\"previousItem\":{\"@type\":\"ListItem\",\"@id\":\"https:\\\/\\\/coomonte.net\\\/index.php\\\/category\\\/articulos\\\/#listItem\",\"name\":\"Art\\u00edculos\"}}]},{\"@type\":\"Organization\",\"@id\":\"https:\\\/\\\/coomonte.net\\\/#organization\",\"name\":\"Coomonte.net |\",\"description\":\"Informaci\\u00f3n, cultura e im\\u00e1genes sobre el lugar de Coomonte\",\"url\":\"https:\\\/\\\/coomonte.net\\\/\",\"logo\":{\"@type\":\"ImageObject\",\"url\":\"https:\\\/\\\/coomonte.net\\\/wp-content\\\/uploads\\\/2024\\\/02\\\/mejorlogo2-4.png\",\"@id\":\"https:\\\/\\\/coomonte.net\\\/index.php\\\/2014\\\/10\\\/21\\\/fotos-antiguas-de-coomonte\\\/#organizationLogo\",\"width\":745,\"height\":247},\"image\":{\"@id\":\"https:\\\/\\\/coomonte.net\\\/index.php\\\/2014\\\/10\\\/21\\\/fotos-antiguas-de-coomonte\\\/#organizationLogo\"}},{\"@type\":\"Person\",\"@id\":\"https:\\\/\\\/coomonte.net\\\/index.php\\\/author\\\/coomonte-net\\\/#author\",\"url\":\"https:\\\/\\\/coomonte.net\\\/index.php\\\/author\\\/coomonte-net\\\/\",\"name\":\"coomonte.net\",\"image\":{\"@type\":\"ImageObject\",\"@id\":\"https:\\\/\\\/coomonte.net\\\/index.php\\\/2014\\\/10\\\/21\\\/fotos-antiguas-de-coomonte\\\/#authorImage\",\"url\":\"https:\\\/\\\/coomonte.net\\\/wp-content\\\/uploads\\\/avatars\\\/1\\\/03fe2f6395b3ba47a774cfa84d07db95-bpfull.jpg\",\"width\":96,\"height\":96,\"caption\":\"coomonte.net\"}},{\"@type\":\"WebPage\",\"@id\":\"https:\\\/\\\/coomonte.net\\\/index.php\\\/2014\\\/10\\\/21\\\/fotos-antiguas-de-coomonte\\\/#webpage\",\"url\":\"https:\\\/\\\/coomonte.net\\\/index.php\\\/2014\\\/10\\\/21\\\/fotos-antiguas-de-coomonte\\\/\",\"name\":\"Fotos antiguas de Coomonte - Coomonte.net |\",\"description\":\"Buscamos hacer una galer\\u00eda con fotos realizadas en Coomonte en d\\u00e9cadas pasadas. Con gente o sin gente. Queremos ver como era el pueblo en los a\\u00f1os 20, los a\\u00f1os 30, los a\\u00f1os 40, los 50, los 60, los 70 y los 80. Y c\\u00f3mo era la gente. Pod\\u00e9is enviar las fotos al correo electr\\u00f3nico siguiente:\",\"inLanguage\":\"es-ES\",\"isPartOf\":{\"@id\":\"https:\\\/\\\/coomonte.net\\\/#website\"},\"breadcrumb\":{\"@id\":\"https:\\\/\\\/coomonte.net\\\/index.php\\\/2014\\\/10\\\/21\\\/fotos-antiguas-de-coomonte\\\/#breadcrumblist\"},\"author\":{\"@id\":\"https:\\\/\\\/coomonte.net\\\/index.php\\\/author\\\/coomonte-net\\\/#author\"},\"creator\":{\"@id\":\"https:\\\/\\\/coomonte.net\\\/index.php\\\/author\\\/coomonte-net\\\/#author\"},\"image\":{\"@type\":\"ImageObject\",\"url\":\"https:\\\/\\\/coomonte.net\\\/wp-content\\\/uploads\\\/2024\\\/02\\\/cropped-cbzr2.jpeg\",\"@id\":\"https:\\\/\\\/coomonte.net\\\/index.php\\\/2014\\\/10\\\/21\\\/fotos-antiguas-de-coomonte\\\/#mainImage\",\"width\":1000,\"height\":250},\"primaryImageOfPage\":{\"@id\":\"https:\\\/\\\/coomonte.net\\\/index.php\\\/2014\\\/10\\\/21\\\/fotos-antiguas-de-coomonte\\\/#mainImage\"},\"datePublished\":\"2014-10-21T12:48:58+02:00\",\"dateModified\":\"2024-02-05T00:08:57+01:00\"},{\"@type\":\"WebSite\",\"@id\":\"https:\\\/\\\/coomonte.net\\\/#website\",\"url\":\"https:\\\/\\\/coomonte.net\\\/\",\"name\":\"Coomonte.net |\",\"description\":\"Informaci\\u00f3n, cultura e im\\u00e1genes sobre el lugar de Coomonte\",\"inLanguage\":\"es-ES\",\"publisher\":{\"@id\":\"https:\\\/\\\/coomonte.net\\\/#organization\"}}]}\n\t\t<\/script>\n\t\t<!-- All in One SEO -->\n\n","aioseo_head_json":{"title":"Fotos antiguas de Coomonte - Coomonte.net |","description":"Buscamos hacer una galer\u00eda con fotos realizadas en Coomonte en d\u00e9cadas pasadas. Con gente o sin gente. Queremos ver como era el pueblo en los a\u00f1os 20, los a\u00f1os 30, los a\u00f1os 40, los 50, los 60, los 70 y los 80. Y c\u00f3mo era la gente. Pod\u00e9is enviar las fotos al correo electr\u00f3nico siguiente:","canonical_url":"https:\/\/coomonte.net\/index.php\/2014\/10\/21\/fotos-antiguas-de-coomonte\/","robots":"max-image-preview:large","keywords":"","webmasterTools":{"miscellaneous":""},"schema":{"@context":"https:\/\/schema.org","@graph":[{"@type":"BlogPosting","@id":"https:\/\/coomonte.net\/index.php\/2014\/10\/21\/fotos-antiguas-de-coomonte\/#blogposting","name":"Fotos antiguas de Coomonte - Coomonte.net |","headline":"Fotos antiguas de Coomonte","author":{"@id":"https:\/\/coomonte.net\/index.php\/author\/coomonte-net\/#author"},"publisher":{"@id":"https:\/\/coomonte.net\/#organization"},"image":{"@type":"ImageObject","url":"https:\/\/coomonte.net\/wp-content\/uploads\/2024\/02\/cropped-cbzr2.jpeg","width":1000,"height":250},"datePublished":"2014-10-21T12:48:58+02:00","dateModified":"2024-02-05T00:08:57+01:00","inLanguage":"es-ES","mainEntityOfPage":{"@id":"https:\/\/coomonte.net\/index.php\/2014\/10\/21\/fotos-antiguas-de-coomonte\/#webpage"},"isPartOf":{"@id":"https:\/\/coomonte.net\/index.php\/2014\/10\/21\/fotos-antiguas-de-coomonte\/#webpage"},"articleSection":"Art\u00edculos"},{"@type":"BreadcrumbList","@id":"https:\/\/coomonte.net\/index.php\/2014\/10\/21\/fotos-antiguas-de-coomonte\/#breadcrumblist","itemListElement":[{"@type":"ListItem","@id":"https:\/\/coomonte.net#listItem","position":1,"name":"Hogar","item":"https:\/\/coomonte.net","nextItem":{"@type":"ListItem","@id":"https:\/\/coomonte.net\/index.php\/category\/articulos\/#listItem","name":"Art\u00edculos"}},{"@type":"ListItem","@id":"https:\/\/coomonte.net\/index.php\/category\/articulos\/#listItem","position":2,"name":"Art\u00edculos","item":"https:\/\/coomonte.net\/index.php\/category\/articulos\/","nextItem":{"@type":"ListItem","@id":"https:\/\/coomonte.net\/index.php\/2014\/10\/21\/fotos-antiguas-de-coomonte\/#listItem","name":"Fotos antiguas de Coomonte"},"previousItem":{"@type":"ListItem","@id":"https:\/\/coomonte.net#listItem","name":"Hogar"}},{"@type":"ListItem","@id":"https:\/\/coomonte.net\/index.php\/2014\/10\/21\/fotos-antiguas-de-coomonte\/#listItem","position":3,"name":"Fotos antiguas de Coomonte","previousItem":{"@type":"ListItem","@id":"https:\/\/coomonte.net\/index.php\/category\/articulos\/#listItem","name":"Art\u00edculos"}}]},{"@type":"Organization","@id":"https:\/\/coomonte.net\/#organization","name":"Coomonte.net |","description":"Informaci\u00f3n, cultura e im\u00e1genes sobre el lugar de Coomonte","url":"https:\/\/coomonte.net\/","logo":{"@type":"ImageObject","url":"https:\/\/coomonte.net\/wp-content\/uploads\/2024\/02\/mejorlogo2-4.png","@id":"https:\/\/coomonte.net\/index.php\/2014\/10\/21\/fotos-antiguas-de-coomonte\/#organizationLogo","width":745,"height":247},"image":{"@id":"https:\/\/coomonte.net\/index.php\/2014\/10\/21\/fotos-antiguas-de-coomonte\/#organizationLogo"}},{"@type":"Person","@id":"https:\/\/coomonte.net\/index.php\/author\/coomonte-net\/#author","url":"https:\/\/coomonte.net\/index.php\/author\/coomonte-net\/","name":"coomonte.net","image":{"@type":"ImageObject","@id":"https:\/\/coomonte.net\/index.php\/2014\/10\/21\/fotos-antiguas-de-coomonte\/#authorImage","url":"https:\/\/coomonte.net\/wp-content\/uploads\/avatars\/1\/03fe2f6395b3ba47a774cfa84d07db95-bpfull.jpg","width":96,"height":96,"caption":"coomonte.net"}},{"@type":"WebPage","@id":"https:\/\/coomonte.net\/index.php\/2014\/10\/21\/fotos-antiguas-de-coomonte\/#webpage","url":"https:\/\/coomonte.net\/index.php\/2014\/10\/21\/fotos-antiguas-de-coomonte\/","name":"Fotos antiguas de Coomonte - Coomonte.net |","description":"Buscamos hacer una galer\u00eda con fotos realizadas en Coomonte en d\u00e9cadas pasadas. Con gente o sin gente. Queremos ver como era el pueblo en los a\u00f1os 20, los a\u00f1os 30, los a\u00f1os 40, los 50, los 60, los 70 y los 80. Y c\u00f3mo era la gente. Pod\u00e9is enviar las fotos al correo electr\u00f3nico siguiente:","inLanguage":"es-ES","isPartOf":{"@id":"https:\/\/coomonte.net\/#website"},"breadcrumb":{"@id":"https:\/\/coomonte.net\/index.php\/2014\/10\/21\/fotos-antiguas-de-coomonte\/#breadcrumblist"},"author":{"@id":"https:\/\/coomonte.net\/index.php\/author\/coomonte-net\/#author"},"creator":{"@id":"https:\/\/coomonte.net\/index.php\/author\/coomonte-net\/#author"},"image":{"@type":"ImageObject","url":"https:\/\/coomonte.net\/wp-content\/uploads\/2024\/02\/cropped-cbzr2.jpeg","@id":"https:\/\/coomonte.net\/index.php\/2014\/10\/21\/fotos-antiguas-de-coomonte\/#mainImage","width":1000,"height":250},"primaryImageOfPage":{"@id":"https:\/\/coomonte.net\/index.php\/2014\/10\/21\/fotos-antiguas-de-coomonte\/#mainImage"},"datePublished":"2014-10-21T12:48:58+02:00","dateModified":"2024-02-05T00:08:57+01:00"},{"@type":"WebSite","@id":"https:\/\/coomonte.net\/#website","url":"https:\/\/coomonte.net\/","name":"Coomonte.net |","description":"Informaci\u00f3n, cultura e im\u00e1genes sobre el lugar de Coomonte","inLanguage":"es-ES","publisher":{"@id":"https:\/\/coomonte.net\/#organization"}}]},"og:locale":"es_ES","og:site_name":"Coomonte.net | - Informaci\u00f3n, cultura e im\u00e1genes sobre el lugar de Coomonte","og:type":"article","og:title":"Fotos antiguas de Coomonte - Coomonte.net |","og:description":"Buscamos hacer una galer\u00eda con fotos realizadas en Coomonte en d\u00e9cadas pasadas. Con gente o sin gente. Queremos ver como era el pueblo en los a\u00f1os 20, los a\u00f1os 30, los a\u00f1os 40, los 50, los 60, los 70 y los 80. Y c\u00f3mo era la gente. Pod\u00e9is enviar las fotos al correo electr\u00f3nico siguiente:","og:url":"https:\/\/coomonte.net\/index.php\/2014\/10\/21\/fotos-antiguas-de-coomonte\/","og:image":"https:\/\/coomonte.net\/wp-content\/uploads\/2024\/02\/cropped-cbzr2.jpeg","og:image:secure_url":"https:\/\/coomonte.net\/wp-content\/uploads\/2024\/02\/cropped-cbzr2.jpeg","og:image:width":1000,"og:image:height":250,"article:published_time":"2014-10-21T11:48:58+00:00","article:modified_time":"2024-02-04T23:08:57+00:00","twitter:card":"summary_large_image","twitter:title":"Fotos antiguas de Coomonte - Coomonte.net |","twitter:description":"Buscamos hacer una galer\u00eda con fotos realizadas en Coomonte en d\u00e9cadas pasadas. Con gente o sin gente. Queremos ver como era el pueblo en los a\u00f1os 20, los a\u00f1os 30, los a\u00f1os 40, los 50, los 60, los 70 y los 80. Y c\u00f3mo era la gente. Pod\u00e9is enviar las fotos al correo electr\u00f3nico siguiente:","twitter:image":"https:\/\/coomonte.net\/wp-content\/uploads\/2024\/02\/mejorlogo2-4.png"},"aioseo_meta_data":{"post_id":"1757","title":null,"description":null,"keywords":null,"keyphrases":null,"primary_term":null,"canonical_url":null,"og_title":null,"og_description":null,"og_object_type":"default","og_image_type":"default","og_image_url":null,"og_image_width":null,"og_image_height":null,"og_image_custom_url":null,"og_image_custom_fields":null,"og_video":null,"og_custom_url":null,"og_article_section":null,"og_article_tags":null,"twitter_use_og":false,"twitter_card":"default","twitter_image_type":"default","twitter_image_url":null,"twitter_image_custom_url":null,"twitter_image_custom_fields":null,"twitter_title":null,"twitter_description":null,"schema":{"blockGraphs":[],"customGraphs":[],"default":{"data":{"Article":[],"Course":[],"Dataset":[],"FAQPage":[],"Movie":[],"Person":[],"Product":[],"ProductReview":[],"Car":[],"Recipe":[],"Service":[],"SoftwareApplication":[],"WebPage":[]},"graphName":"","isEnabled":true},"graphs":[]},"schema_type":"default","schema_type_options":null,"pillar_content":false,"robots_default":true,"robots_noindex":false,"robots_noarchive":false,"robots_nosnippet":false,"robots_nofollow":false,"robots_noimageindex":false,"robots_noodp":false,"robots_notranslate":false,"robots_max_snippet":null,"robots_max_videopreview":null,"robots_max_imagepreview":"large","priority":null,"frequency":null,"local_seo":null,"limit_modified_date":false,"created":"2024-11-25 01:27:27","updated":"2026-06-16 21:05:31","ai":null,"breadcrumb_settings":null,"seo_analyzer_scan_date":null},"aioseo_breadcrumb":"<div class=\"aioseo-breadcrumbs\"><span class=\"aioseo-breadcrumb\">\n\t\t\t<a href=\"https:\/\/coomonte.net\" title=\"Hogar\">Hogar<\/a>\n\t\t<\/span><span class=\"aioseo-breadcrumb-separator\">&raquo;<\/span><span class=\"aioseo-breadcrumb\">\n\t\t\t<a href=\"https:\/\/coomonte.net\/index.php\/category\/articulos\/\" title=\"Art\u00edculos\">Art\u00edculos<\/a>\n\t\t<\/span><span class=\"aioseo-breadcrumb-separator\">&raquo;<\/span><span class=\"aioseo-breadcrumb\">\n\t\t\tFotos antiguas de Coomonte\n\t\t<\/span><\/div>","aioseo_breadcrumb_json":[{"label":"Hogar","link":"https:\/\/coomonte.net"},{"label":"Art\u00edculos","link":"https:\/\/coomonte.net\/index.php\/category\/articulos\/"},{"label":"Fotos antiguas de Coomonte","link":"https:\/\/coomonte.net\/index.php\/2014\/10\/21\/fotos-antiguas-de-coomonte\/"}],"jetpack_featured_media_url":"https:\/\/coomonte.net\/wp-content\/uploads\/2024\/02\/cropped-cbzr2.jpeg","jetpack-related-posts":[{"id":453,"url":"https:\/\/coomonte.net\/index.php\/2005\/12\/31\/navidades-y-fin-de-ano-en-coomonte\/","url_meta":{"origin":1757,"position":0},"title":"Navidades y fin de A\u00f1o en Coomonte","author":"coomonte.net","date":"31 de diciembre de 2005","format":false,"excerpt":"Se acaba el a\u00f1o. Es navidad, en las calles del pueblo hay instalados alornos luminosos con dibujos navide\u00f1os y letras. En la plaza hay un \u00e1rbol lleno de bombillas, como es tradicional desde hace unos a\u00f1os. En los bares la gente lo pasa bien.","rel":"","context":"En \u00abNoticias\u00bb","block_context":{"text":"Noticias","link":"https:\/\/coomonte.net\/index.php\/category\/noticias\/"},"img":{"alt_text":"","src":"https:\/\/i0.wp.com\/coomonte.net\/wp-content\/uploads\/2014\/02\/cabecera15.jpg?resize=350%2C200&ssl=1","width":350,"height":200,"srcset":"https:\/\/i0.wp.com\/coomonte.net\/wp-content\/uploads\/2014\/02\/cabecera15.jpg?resize=350%2C200&ssl=1 1x, https:\/\/i0.wp.com\/coomonte.net\/wp-content\/uploads\/2014\/02\/cabecera15.jpg?resize=525%2C300&ssl=1 1.5x, https:\/\/i0.wp.com\/coomonte.net\/wp-content\/uploads\/2014\/02\/cabecera15.jpg?resize=700%2C400&ssl=1 2x"},"classes":[]},{"id":4392,"url":"https:\/\/coomonte.net\/index.php\/2024\/04\/01\/semana-santa-2024-procesiones-con-clima-impredecible-en-coomonte\/","url_meta":{"origin":1757,"position":1},"title":"(Fotos) Semana Santa 2024: procesiones con clima impredecible en Coomonte","author":"coomonte.net","date":"1 de abril de 2024","format":false,"excerpt":"Hemos vivido una de las semanas santas m\u00e1s lluviosas de los \u00faltimos a\u00f1os, lo cu\u00e1l ha marcado todos estos d\u00edas de tradici\u00f3n y devoci\u00f3n en nuestro municipio. Aunque no hemos podido hacer el Arco a tiempo para la procesi\u00f3n del domingo, s\u00ed se llevaron a cabo la mayor\u00eda de las\u2026","rel":"","context":"En \u00abBlog\u00bb","block_context":{"text":"Blog","link":"https:\/\/coomonte.net\/index.php\/category\/blog\/"},"img":{"alt_text":"","src":"https:\/\/i0.wp.com\/coomonte.net\/wp-content\/uploads\/2024\/04\/DSCF7326-scaled-e1711998961698.jpg?resize=350%2C200&ssl=1","width":350,"height":200,"srcset":"https:\/\/i0.wp.com\/coomonte.net\/wp-content\/uploads\/2024\/04\/DSCF7326-scaled-e1711998961698.jpg?resize=350%2C200&ssl=1 1x, https:\/\/i0.wp.com\/coomonte.net\/wp-content\/uploads\/2024\/04\/DSCF7326-scaled-e1711998961698.jpg?resize=525%2C300&ssl=1 1.5x, https:\/\/i0.wp.com\/coomonte.net\/wp-content\/uploads\/2024\/04\/DSCF7326-scaled-e1711998961698.jpg?resize=700%2C400&ssl=1 2x, https:\/\/i0.wp.com\/coomonte.net\/wp-content\/uploads\/2024\/04\/DSCF7326-scaled-e1711998961698.jpg?resize=1050%2C600&ssl=1 3x, https:\/\/i0.wp.com\/coomonte.net\/wp-content\/uploads\/2024\/04\/DSCF7326-scaled-e1711998961698.jpg?resize=1400%2C800&ssl=1 4x"},"classes":[]},{"id":462,"url":"https:\/\/coomonte.net\/index.php\/2005\/07\/07\/exito-de-las-fiestas-de-san-juan-en-coomonte\/","url_meta":{"origin":1757,"position":2},"title":"\u00c9xito de las fiestas de San Juan en Coomonte","author":"coomonte.net","date":"7 de julio de 2005","format":false,"excerpt":"NOTICIA Si bien no fueron tan numerosas como en los dos a\u00f1os anteriores, el resurgir de las pe\u00f1as, el acierto en la colocaci\u00f3n el S\u00e1bado de un grupo para la verbena y m\u00e1s tarde otro para el rock fueron las claves de la masiva asistencia de gente a las fiestas.Dos\u2026","rel":"","context":"En \u00abNoticias\u00bb","block_context":{"text":"Noticias","link":"https:\/\/coomonte.net\/index.php\/category\/noticias\/"},"img":{"alt_text":"","src":"https:\/\/i0.wp.com\/coomonte.net\/wp-content\/uploads\/2014\/02\/cabecera15.jpg?resize=350%2C200&ssl=1","width":350,"height":200,"srcset":"https:\/\/i0.wp.com\/coomonte.net\/wp-content\/uploads\/2014\/02\/cabecera15.jpg?resize=350%2C200&ssl=1 1x, https:\/\/i0.wp.com\/coomonte.net\/wp-content\/uploads\/2014\/02\/cabecera15.jpg?resize=525%2C300&ssl=1 1.5x, https:\/\/i0.wp.com\/coomonte.net\/wp-content\/uploads\/2014\/02\/cabecera15.jpg?resize=700%2C400&ssl=1 2x"},"classes":[]},{"id":965,"url":"https:\/\/coomonte.net\/index.php\/2014\/05\/07\/arco2009\/","url_meta":{"origin":1757,"position":3},"title":"El arco de Pascua, la \u00faltima vez que se hizo","author":"coomonte.net","date":"7 de mayo de 2014","format":false,"excerpt":"A falta de quintos voluntariosos, hace unos a\u00f1os la Asociaci\u00f3n Cultural Juco y un grupo de personas decidi\u00f3 volver a hacer el Arco. La imagen que se ve (es la \u00fanica que conservo) est\u00e1 un poco retocada, pero refleja bien la foto de ese d\u00eda: se puede ver a El\u2026","rel":"","context":"En \u00abArt\u00edculos\u00bb","block_context":{"text":"Art\u00edculos","link":"https:\/\/coomonte.net\/index.php\/category\/articulos\/"},"img":{"alt_text":"","src":"https:\/\/i0.wp.com\/coomonte.net\/wp-content\/uploads\/2014\/02\/1.jpg?resize=350%2C200&ssl=1","width":350,"height":200,"srcset":"https:\/\/i0.wp.com\/coomonte.net\/wp-content\/uploads\/2014\/02\/1.jpg?resize=350%2C200&ssl=1 1x, https:\/\/i0.wp.com\/coomonte.net\/wp-content\/uploads\/2014\/02\/1.jpg?resize=525%2C300&ssl=1 1.5x, https:\/\/i0.wp.com\/coomonte.net\/wp-content\/uploads\/2014\/02\/1.jpg?resize=700%2C400&ssl=1 2x"},"classes":[]},{"id":2271,"url":"https:\/\/coomonte.net\/index.php\/2016\/05\/12\/fotos-del-levantamiento-del-mayo\/","url_meta":{"origin":1757,"position":4},"title":"Fotos del levantamiento del Mayo","author":"coomonte.net","date":"12 de mayo de 2016","format":false,"excerpt":"","rel":"","context":"En \u00abFotograf\u00edas\u00bb","block_context":{"text":"Fotograf\u00edas","link":"https:\/\/coomonte.net\/index.php\/category\/fotografias\/"},"img":{"alt_text":"","src":"","width":0,"height":0},"classes":[]},{"id":677,"url":"https:\/\/coomonte.net\/index.php\/2014\/05\/05\/fotos-del-campo-vega-y-monte-de-mayo-2014\/","url_meta":{"origin":1757,"position":5},"title":"Fotos del campo (vega y monte) de Mayo 2014","author":"coomonte.net","date":"5 de mayo de 2014","format":"gallery","excerpt":"Varias fotos de los campos y del monte en mayo. A principios de Mayo. Hay tambi\u00e9n un par de fotos del puente de Maire y alguna de la carretera.","rel":"","context":"En \u00abFotograf\u00edas\u00bb","block_context":{"text":"Fotograf\u00edas","link":"https:\/\/coomonte.net\/index.php\/category\/fotografias\/"},"img":{"alt_text":"","src":"https:\/\/i0.wp.com\/coomonte.net\/wp-content\/uploads\/2015\/11\/cropped-cropped-cropped-20140510_16402211.jpg?resize=350%2C200&ssl=1","width":350,"height":200,"srcset":"https:\/\/i0.wp.com\/coomonte.net\/wp-content\/uploads\/2015\/11\/cropped-cropped-cropped-20140510_16402211.jpg?resize=350%2C200&ssl=1 1x, https:\/\/i0.wp.com\/coomonte.net\/wp-content\/uploads\/2015\/11\/cropped-cropped-cropped-20140510_16402211.jpg?resize=525%2C300&ssl=1 1.5x, https:\/\/i0.wp.com\/coomonte.net\/wp-content\/uploads\/2015\/11\/cropped-cropped-cropped-20140510_16402211.jpg?resize=700%2C400&ssl=1 2x, https:\/\/i0.wp.com\/coomonte.net\/wp-content\/uploads\/2015\/11\/cropped-cropped-cropped-20140510_16402211.jpg?resize=1050%2C600&ssl=1 3x"},"classes":[]}],"jetpack_sharing_enabled":true,"_links":{"self":[{"href":"https:\/\/coomonte.net\/index.php\/wp-json\/wp\/v2\/posts\/1757","targetHints":{"allow":["GET"]}}],"collection":[{"href":"https:\/\/coomonte.net\/index.php\/wp-json\/wp\/v2\/posts"}],"about":[{"href":"https:\/\/coomonte.net\/index.php\/wp-json\/wp\/v2\/types\/post"}],"author":[{"embeddable":true,"href":"https:\/\/coomonte.net\/index.php\/wp-json\/wp\/v2\/users\/1"}],"replies":[{"embeddable":true,"href":"https:\/\/coomonte.net\/index.php\/wp-json\/wp\/v2\/comments?post=1757"}],"version-history":[{"count":1,"href":"https:\/\/coomonte.net\/index.php\/wp-json\/wp\/v2\/posts\/1757\/revisions"}],"predecessor-version":[{"id":4300,"href":"https:\/\/coomonte.net\/index.php\/wp-json\/wp\/v2\/posts\/1757\/revisions\/4300"}],"wp:featuredmedia":[{"embeddable":true,"href":"https:\/\/coomonte.net\/index.php\/wp-json\/wp\/v2\/media\/4240"}],"wp:attachment":[{"href":"https:\/\/coomonte.net\/index.php\/wp-json\/wp\/v2\/media?parent=1757"}],"wp:term":[{"taxonomy":"category","embeddable":true,"href":"https:\/\/coomonte.net\/index.php\/wp-json\/wp\/v2\/categories?post=1757"},{"taxonomy":"post_tag","embeddable":true,"href":"https:\/\/coomonte.net\/index.php\/wp-json\/wp\/v2\/tags?post=1757"}],"curies":[{"name":"wp","href":"https:\/\/api.w.org\/{rel}","templated":true}]}}